{"id":154,"date":"2018-04-29T20:15:24","date_gmt":"2018-04-29T18:15:24","guid":{"rendered":"https:\/\/www.savescu.ro\/en\/?p=154"},"modified":"2026-02-03T11:58:34","modified_gmt":"2026-02-03T09:58:34","slug":"raluca-onufreiciuc","status":"publish","type":"post","link":"https:\/\/www.savescu.ro\/en\/raluca-onufreiciuc","title":{"rendered":"Raluca Onufreiciuc"},"content":{"rendered":"<p>Senior Associate S\u0102VESCU &#038; ASSOCIATES<br \/>\nraluca.onufreiciuc@savescu.ro<br \/>\n+40743991566<\/p>\n<hr \/>\n<p>Raluca Onufreiciuc is a lawyer at the Bucharest Bar Association.<\/p>\n<p>She is a Juris Doctor at the Faculty of Law of the University of Bucharest, in joint supervision with the University of Coruna, Spain. Bachelor\u2019s degree \u2013 Faculty of Law, Alexandru Ioan Cuza University of Iasi (since 2012), Master\u2019s degree \u2013 Faculty of Law, University of Bucharest (since 2013), LL.M European Law \u2013 Faculty of Law, UAIC (since 2016), I.I.LLM European Public Law (2022), Alumna Professional Fellows GLC (since 2017), Alumna Academy of European Public Law (since 2021).<br \/>\nMember of the Society of Legal Sciences<br \/>\nMember of the Board of Directors of the Association for Development, Transparency and Public Participation &#8222;CIVICA&#8221;<br \/>\nMember of AIESEC Alumni Romania Association<br \/>\nFounding member of Ia\u0219i Legal Hackers<br \/>\nFounding member of the Association of the Laboratory of Ethics, Law and Innovative Technologies<\/p>\n<p><strong>Publications<\/strong><br \/>\n&#8211; ONUFREICIUC, R., ST\u0102NESCU, L., <a href=\"https:\/\/www.juridice.ro\/718057\/contractele-inteligente-vs-contractele-traditionale-contractele-inteligente-pacta-sunt-servanda-vs-deus-ex-machina-i.html\">Contractele inteligente vs. Contractele tradi\u021bionale. Contractele inteligente. Pacta sunt servanda vs. Deus ex machina (I)<\/a>, Revista de Note \u0219i Studii Juridice<br \/>\n&#8211; ST\u0102NESCU, L., ONUFREICIUC, R., <a href=\"https:\/\/www.juridice.ro\/708752\/viitoare-reglementari-privind-piata-criptoactivelor.html\">Viitoare reglement\u0103ri privind pia\u021ba criptoactivelor<\/a>, Revista de Note \u0219i Studii Juridice<br \/>\n&#8211; ONUFREICIUC, R., GCD v MV and anor, <a href=\"https:\/\/opil.ouplaw.com\/view\/10.1093\/law-ildc\/2366ro14.case.1\/law-ildc-2366ro14?rskey=CCLOIN&#038;result=1&#038;prd=OPIL\" rel=\"noopener\" target=\"_blank\">Appeal decision, High Court of Cassation and Justice, I Civil Section No 1660<\/a>; ILDC 2366 (RO 2014), 22 May 2014, Oxford University Press, 2020<br \/>\n&#8211; ONUFREICIUC, R., ROMSILVA &#8211; Sibiu Forestry Department v Romania (Commune of C), Appeal decision, No 1660\/2014, ILDC 2364 (RO 2014), 1st April 2014, Romania, Oxford University Press, 2019;<br \/>\n&#8211; ONUFREICIUC, R., <a href=\"https:\/\/www.juridice.ro\/626234\/transparenta-in-alegerile-europene-recomandari-ale-comisiei-europene-pentru-partidele-politice-din-tarile-membre-ue.html\">Transparen\u021ba \u00een alegerile europene. Recomand\u0103ri ale Comisiei Europene pentru partidele politice din \u021b\u0103rile membre UE<\/a>, Revista de Note \u0219i Studii Juridice<br \/>\n&#8211; ONUFREICIUC, R., <a href=\"https:\/\/www.juridice.ro\/626222\/protejarea-datelor-cu-caracter-personal-ale-cetatenilor-europeni-in-contextul-alegerilor.html\">Protejarea datelor cu caracter personal ale cet\u0103\u021benilor europeni \u00een contextul alegerilor<\/a>, Revista de Note \u0219i Studii Juridice<br \/>\n&#8211; IGN\u0102TESCU, C., ONUFREICIUC, R., <a href=\"https:\/\/doi.org\/10.18662\/lumenlaw\/9.1\/58\" rel=\"noopener\" target=\"_blank\">Digital Euro: A (Digital) Symbol of Progress and Integration in Europe<\/a>, Logos Universality Mentality Education Novelty: Law, vol. 9, nr. 1, 2021 pp. 74-82<br \/>\n&#8211; ONUFREICIUC, R., Some Reflections on Local Public Engagement Platforms as a New Universal and Democratic Vaccine, Administrative Law and Public Administration in the Global Social System (ed. Julien Cazala (Editor), Velimir \u017divkovi\u0107), Ed. ADJURIS, 2021<br \/>\n&#8211; ONUFREICIUC, R., <a href=\"http:\/\/aap.gov.md\/files\/conferinte\/26.2.21\/ctc21.pdf\" rel=\"noopener\" target=\"_blank\">Transparen\u021ba \u015fi guvernarea deschis\u0103, vectori ai dezvolt\u0103rii locale \u00een administra\u021bia public\u0103 local\u0103 est-european\u0103<\/a>, CONTRIBU\u021aIA TINERILOR CERCET\u0102TORI LA DEZVOLTAREA ADMINISTRA\u021aIEI PUBLICE, Academia de Administrare Public\u0103, Guvernul Republicii Moldova, Chi\u0219in\u0103u, 2021;ISBN 978-9975-3492-3-9<br \/>\n&#8211; ONUFREICIUC, R. (2020). <a href=\"https:\/\/doi.org\/10.18662\/po\/11.3\/214\" rel=\"noopener\" target=\"_blank\">Some reflections on transparency as the first economic disinfectant<\/a>, Postmodern Openings, vol. 11 No. (2020), Pp. 278-289, DOI:<br \/>\n&#8211; ONUFREICIUC, R., ST\u0102NESCU, L., <a href=\"https:\/\/doi.org\/10.18662\/eljpa\/7.1\/118\" rel=\"noopener\" target=\"_blank\">Some reflections on &#8216;datafication&#8217;: data governance and legal challenges<\/a>, European Journal of Law and Public Administration, Vol. 7, nr 1, 2020, pp. 100-115<br \/>\n&#8211; ONUFREICIUC, R., <a href=\"https:\/\/doi.org\/10.18662\/lumproc\/ncoe4.0.2020\" rel=\"noopener\" target=\"_blank\">A delicate balance: transparency and privacy in state of emergency<\/a>, Lumen ISI Proceedings, Vol. 13 (2020): 16th Economic International Conference NCOE 4.0, pp. 299-309.<br \/>\n&#8211; ONUFREICIUC, R., <a href=\"https:\/\/www.ujmag.ro\/conferinta-conferinta-internationala-a-doctoranzilor-in-drept-timisoara-2020\/cuprins\/\" rel=\"noopener\" target=\"_blank\">Protec\u021bia datelor \u0219i recunoa\u0219terea facial\u0103 automat\u0103: Avem dreptul de a r\u0103m\u00e2ne f\u0103r\u0103 (un) chip?<\/a>, publicat \u00een volumul Studii si cercetari juridice europene 2020 \u00een cadrul Conferin\u021bei Interna\u021bionale a Doctoranzilor \u00een Drept, Timi\u0219oara, Ed. Universul Juridic, 2020, pp. 95-103<br \/>\n&#8211; ONUFREICIUC, R., OLARIU O., <a href=\"https:\/\/emrbi.org\/wp-content\/uploads\/2020\/09\/euromed2020-book-of-proceedings-2020-09-07.pdf\" rel=\"noopener\" target=\"_blank\">Collaborative legislation: with or without citizens? A technological and entrepreneurial approach<\/a>, EuroMed Academy of Business Conference Book of Proceedings 2020, ISSN: 2547-8516 | ISBN: 978-9963-711-89-5<br \/>\n&#8211; ONUFREICIUC, R., The right to be left alone in an increasingly globalised world, publicat \u00een volumul \u201dDezvoltarea economico-social\u0103 durabil\u0103 a euroregiunilor \u015fi a zonelor transfrontaliere\u201d, VOL. XXXVII, coord. Carmen Mariana Diaconu, M. Doncean, C. Alecu, Institutul de Cercet\u0103ri Economice \u015fi Sociale \u201dGheorghe Zane\u201d Colectivul de Cercet\u0103ri Economice, Ed. Performantica, Ia\u0219i, 2020.<br \/>\n&#8211; ONUFREICIUC, R.,  OLARIU O., <a href=\"https:\/\/lumenpublishing.com\/journals\/index.php\/lumenlaw\/article\/view\/2368\" rel=\"noopener\" target=\"_blank\">Citizen Law Making vs. Legal Illiteracy<\/a>, Logos Universality Mentality Education Novelty: Law, 7(2), 1-9<br \/>\n&#8211; ONUFREICIUC, R., MAFTEI, L., Identit\u0103\u021bile etno-na\u021bionale \u0219i exigen\u021bele integr\u0103rii europene: divergen\u021be \u0219i (posibile) convergen\u021be, premiat \u00een cadrul Sesiunii de Comunic\u0103ri \u0218tiin\u021bifice a Centrului de Studii Europene Univ. \u201dAlexandru Ioan Cuza\u201d, 2015, Ia\u0219i, (publicare ulterioar\u0103 \u00een Revista de Note \u0219i Studii Juridice pe site-ul JURIDICE.ro &#8211; https:\/\/www.juridice.ro\/397901\/identitatile-etno-nationale-si-exigentele-integrarii-europene-divergente-si-posibile-convergente.html<br \/>\n&#8211; ONUFREICIUC, R., OLARIU O., IORD\u0102CHIANU, R., RACU, E., ABCIVIC. Manual de cet\u0103\u021benie activ\u0103, ghid publicat \u00een cadrul proiectului ABCivic \u2013 Abecedarul puterii cet\u0103\u021bene\u0219ti, finan\u021bat de Prim\u0103ria Municipiului Ia\u0219i, ISBN 978-973-0-28389-1<\/p>\n<p><strong>Contributions<\/strong><br \/>\n\u2013 Journal of Legal Studies and Notes, 2009 (contributor)<br \/>\n&#8211; Romanian Journal of Data Protection, 2018 (contributor)<br \/>\n&#8211; World Bank Rapporteur for the Doing Business in Romania project, Enforcing Contracts (2018-2021)<br \/>\n&#8211; Rapporteur Oxford Reports on International Law in Domestic Courts, Oxford University Press (2019)<\/p>\n<p><strong>Workshops and seminars<\/strong><br \/>\n&#8211; Workshop at the University of Warsaw within the seminar &#8222;Identity in America. Cultures, History, Politics and the Economy&#8221;, 26 November 2021;<br \/>\n&#8211; Labour Law Conference Afaceri.ro April 2020 (Iasi) a workshop where we discussed the regulation of remote labour relations in the context of the decree of the state of emergency (online);<br \/>\n&#8211; Legal Freelance, a workshop in which we discussed the status of a freelancer from the perspective of the legal forms of carrying out the activity, the tax regime, advantages and disadvantages of the three forms of legal organization: P.F.A., I.I., I.F. etc., 26 February 2015 (The Grape, Ia\u0219i);<br \/>\n&#8211; Legal education course for 10th grade students of &#8222;Grigore Moisil&#8221; Iasi High School of Informatics, 8 April 2016, Iasi;<br \/>\n&#8211; Conflict management, seminar within the ERASMUS Plus educational project &#8222;Conflicts Everywhere&#8221;, 24-30 July 2017, Iasi;<br \/>\n&#8211; GDPR Seminar for Non-Profit Organizations, 26 March 2018, Iasi;<br \/>\n&#8211; GDPR Seminar for Public Institutions held at the Prefect&#8217;s Institution of Jud. Ia\u0219i, 20 April 2018, Ia\u0219i;<br \/>\n&#8211; Metabolism of the citizen: rights and institutions, workshop held within the ABCivic project &#8211; Active citizenship manual, 28 October 2018;<\/p>\n<p>Raluca participated, as a guest specialist, in the show <a href=\"http:\/\/iasitvlife.ro\/index.php\/emisiuni\/fapte-si-drepturi\/item\/62453-fapte-si-drepturi-revolutia-datelor-personale\" target=\"_blank\" rel=\"noopener\">Fapte \u0219i drepturi &#8211; Revolu\u021bia datelor personale<\/a>, la <a href=\"http:\/\/iasitvlife.ro\" target=\"_blank\" rel=\"noopener\">Ia\u0219i TV Life<\/a><\/p>\n<p><strong>Teaching experience<\/strong><br \/>\n&#8211; PhD Assistant (2018-present) Faculty of Law and Administrative Sciences of the University &#8222;Stefan cel Mare&#8221; in Suceava &#8211; Administrative Law I, Administrative Law II (2018-2021), Abuse of Law (2019-present), Labour Law (2019), Civil Law. General Theory (2020-present), Civil Law. Persons, (2020-present), Civil Law. General Theory of Obligations (2021)<br \/>\n&#8211; Trainer at the National Institute of Administration (2021)<\/p>\n<p>Raluca Onufreiciuc is active and has a rich experience in <a href=\"https:\/\/www.savescu.ro\/en\/cyberlaw\">Criminal Cases<\/a> and <a href=\"https:\/\/www.savescu.ro\/en\/administrative-disputes\">Administrative Disputes<\/a>.<\/p>\n","protected":false},"excerpt":{"rendered":"","protected":false},"author":1,"featured_media":155,"comment_status":"closed","ping_status":"closed","sticky":false,"template":"template-centered.php","format":"standard","meta":{"footnotes":""},"categories":[4],"tags":[],"class_list":["post-154","post","type-post","status-publish","format-standard","has-post-thumbnail","hentry","category-lawyers"],"_links":{"self":[{"href":"https:\/\/www.savescu.ro\/en\/wp-json\/wp\/v2\/posts\/154","targetHints":{"allow":["GET"]}}],"collection":[{"href":"https:\/\/www.savescu.ro\/en\/wp-json\/wp\/v2\/posts"}],"about":[{"href":"https:\/\/www.savescu.ro\/en\/wp-json\/wp\/v2\/types\/post"}],"author":[{"embeddable":true,"href":"https:\/\/www.savescu.ro\/en\/wp-json\/wp\/v2\/users\/1"}],"replies":[{"embeddable":true,"href":"https:\/\/www.savescu.ro\/en\/wp-json\/wp\/v2\/comments?post=154"}],"version-history":[{"count":7,"href":"https:\/\/www.savescu.ro\/en\/wp-json\/wp\/v2\/posts\/154\/revisions"}],"predecessor-version":[{"id":1500,"href":"https:\/\/www.savescu.ro\/en\/wp-json\/wp\/v2\/posts\/154\/revisions\/1500"}],"wp:featuredmedia":[{"embeddable":true,"href":"https:\/\/www.savescu.ro\/en\/wp-json\/wp\/v2\/media\/155"}],"wp:attachment":[{"href":"https:\/\/www.savescu.ro\/en\/wp-json\/wp\/v2\/media?parent=154"}],"wp:term":[{"taxonomy":"category","embeddable":true,"href":"https:\/\/www.savescu.ro\/en\/wp-json\/wp\/v2\/categories?post=154"},{"taxonomy":"post_tag","embeddable":true,"href":"https:\/\/www.savescu.ro\/en\/wp-json\/wp\/v2\/tags?post=154"}],"curies":[{"name":"wp","href":"https:\/\/api.w.org\/{rel}","templated":true}]}}